{"id":39,"date":"2016-03-09T13:47:03","date_gmt":"2016-03-09T12:47:03","guid":{"rendered":"http:\/\/escaffre.com\/wordpress\/?p=39"},"modified":"2016-08-03T17:54:41","modified_gmt":"2016-08-03T16:54:41","slug":"jaime","status":"publish","type":"post","link":"http:\/\/escaffre.com\/index.php\/2016\/03\/09\/jaime\/","title":{"rendered":"j&rsquo;aime"},"content":{"rendered":"<h3><strong>Synergie du marbre<\/strong><\/h3>\n<div id=\"info\">\n<p>Pour information, extinction de la \u00ab\u00a0Fili\u00e8re des Marbres du Sud\u00a0\u00bb en l\u2019ann\u00e9e 2014.<\/p>\n<p>Mais 3 irr\u00e9ductibles sculpteurs, continueront \u00e0 \u0153uvrer, pour la promotion et leurs visions du marbre de nos r\u00e9gions .<br \/>\nNous accompagne dans notre suite les <a href=\"http:\/\/www.marbres-gris.fr\/\">carri\u00e8res Joseph Laplace \u00e0 Arudy<\/a> fournissant un marbre de grande qualit\u00e9 pour la sculpture.<\/p>\n<h3>Contact des 3 sculpteurs irr\u00e9ductibles<\/h3>\n<ul>\n<li><a href=\"http:\/\/abdallah-jeanjacques.blog4ever.com\/\">Jean Jacques Abdallah <\/a>: 65400 ARRAS EN LAVEDAN tel : 05 62 97 20 84 \u2013 06 84 12 25 61<\/li>\n<li><a href=\"mailto:jean-jacques.abdallah@wanadoo.fr\">Jean Jacques ABDALLAH\u00a0 <\/a><\/li>\n<li>Yann LIEBARD Domaine Maya 34700 SAINT JEAN DE LA BLAQUIERE tel : 04 67 44 75 62<\/li>\n<li><a href=\"mailto:yannliebard@yahoo.fr\">Yann LIEBARD<\/a><\/li>\n<li>Jean Escaffre l\u2019auteur du site \u0153uvrant \u00e0 Saint P\u00e9e sur Nivelle<\/li>\n<li><a href=\"mailto:sculpt64@orange.fr\">Jean ESCAFFRE<\/a><\/li>\n<\/ul>\n<p style=\"text-align: center;\">\u00a0Colonnes r\u00e9alis\u00e9es \u00e0 la p\u00e9riode faste de la \u00ab\u00a0Fili\u00e8re des Marbres du Sud\u00a0\u00bb<\/p>\n<\/div>\n<div id='gallery-1' class='gallery galleryid-39 gallery-columns-3 gallery-size-full'><figure class='gallery-item'>\n\t\t\t<div class='gallery-icon portrait'>\n\t\t\t\t<a href='http:\/\/escaffre.com\/index.php\/2016\/03\/09\/jaime\/batimatjja\/'><img loading=\"lazy\" decoding=\"async\" width=\"104\" height=\"300\" src=\"http:\/\/escaffre.com\/wp-content\/uploads\/2016\/03\/batimatjja.jpg\" class=\"attachment-full size-full\" alt=\"\" aria-describedby=\"gallery-1-71\" \/><\/a>\n\t\t\t<\/div>\n\t\t\t\t<figcaption class='wp-caption-text gallery-caption' id='gallery-1-71'>\n\t\t\t\tJean Jacques Abdallah\n\t\t\t\t<\/figcaption><\/figure><figure class='gallery-item'>\n\t\t\t<div class='gallery-icon portrait'>\n\t\t\t\t<a href='http:\/\/escaffre.com\/index.php\/2016\/03\/09\/jaime\/batimatje\/'><img loading=\"lazy\" decoding=\"async\" width=\"87\" height=\"300\" src=\"http:\/\/escaffre.com\/wp-content\/uploads\/2016\/03\/batimatje.jpg\" class=\"attachment-full size-full\" alt=\"\" aria-describedby=\"gallery-1-70\" \/><\/a>\n\t\t\t<\/div>\n\t\t\t\t<figcaption class='wp-caption-text gallery-caption' id='gallery-1-70'>\n\t\t\t\tJean Escaffre\n\t\t\t\t<\/figcaption><\/figure><figure class='gallery-item'>\n\t\t\t<div class='gallery-icon portrait'>\n\t\t\t\t<a href='http:\/\/escaffre.com\/index.php\/2016\/03\/09\/jaime\/batimatyl\/'><img loading=\"lazy\" decoding=\"async\" width=\"96\" height=\"300\" src=\"http:\/\/escaffre.com\/wp-content\/uploads\/2016\/03\/batimatyl.jpg\" class=\"attachment-full size-full\" alt=\"\" aria-describedby=\"gallery-1-72\" \/><\/a>\n\t\t\t<\/div>\n\t\t\t\t<figcaption class='wp-caption-text gallery-caption' id='gallery-1-72'>\n\t\t\t\tYann Liebard\n\t\t\t\t<\/figcaption><\/figure>\n\t\t<\/div>\n\n<hr \/>\n<h3><\/h3>\n<h3>Symposium de sculpture \u00e0 Saint P\u00e9e sur Nivelle<\/h3>\n<p>La\u00a0\u00ab\u00a0Fili\u00e8re des Marbres du Sud\u00a0\u00bb est pr\u00e9sente au symposium de sculpture sur roches des Pyr\u00e9n\u00e9es qui a eu lieu \u00e0 Saint P\u00e9e sur Nivelle au <img loading=\"lazy\" decoding=\"async\" class=\"alignright wp-image-68 size-full\" src=\"http:\/\/escaffre.com\/wp-content\/uploads\/2016\/03\/sympfiliere.jpg\" alt=\"symposium Saint P\u00e9e\" width=\"280\" height=\"210\" \/>Pays Basque.<\/p>\n<p>La municipalit\u00e9 de cette ville et l\u2019association \u00ab\u00a0Culture et Patrimoine Senperen\u00a0\u00bb ont invit\u00e9 4 sculpteurs pour r\u00e9aliser des \u0153uvres monumentales en public, du 29 septembre au 26 octobre 2008. Ces \u0153uvres sont install\u00e9es dans le parc des berges de la Nivelle en centre ville.<\/p>\n<p>Christiane Giraud a choisi le gr\u00e8s de la Rhune pour s\u2019exprimer.<br \/>\nLes 3 autres sculpteurs, membres de l\u2019association \u00ab\u00a0Fili\u00e8re des Marbres du Sud\u00a0\u00bb, Jean Jacques Abdallah, Jean Escaffre et Yann Li\u00e9bard, ont choisi le marbre d\u2019Arudy.<\/p>\n<p><em>L\u00e9gende de la photo\u00a0: de gauche \u00e0 droite, Monsieur Laplace, exploitant des carri\u00e8res d\u2019Arudy, Yann Li\u00e9bard, Jean Escaffre et Jean Jacques Abdallah sculpteurs.<\/em>Voir les r\u00e9alisations ci-dessous.<\/p>\n<p>&nbsp;<\/p>\n<div id='gallery-2' class='gallery galleryid-39 gallery-columns-3 gallery-size-full'><figure class='gallery-item'>\n\t\t\t<div class='gallery-icon portrait'>\n\t\t\t\t<a href='http:\/\/escaffre.com\/index.php\/2016\/03\/09\/jaime\/leau-cest\/'><img loading=\"lazy\" decoding=\"async\" width=\"131\" height=\"228\" src=\"http:\/\/escaffre.com\/wp-content\/uploads\/2016\/03\/leau-cest.jpg\" class=\"attachment-full size-full\" alt=\"\" aria-describedby=\"gallery-2-64\" \/><\/a>\n\t\t\t<\/div>\n\t\t\t\t<figcaption class='wp-caption-text gallery-caption' id='gallery-2-64'>\n\t\t\t\tJean Escaffre\n\t\t\t\t<\/figcaption><\/figure><figure class='gallery-item'>\n\t\t\t<div class='gallery-icon landscape'>\n\t\t\t\t<a href='http:\/\/escaffre.com\/index.php\/2016\/03\/09\/jaime\/yann\/'><img loading=\"lazy\" decoding=\"async\" width=\"200\" height=\"151\" src=\"http:\/\/escaffre.com\/wp-content\/uploads\/2016\/03\/yann.jpg\" class=\"attachment-full size-full\" alt=\"\" aria-describedby=\"gallery-2-65\" \/><\/a>\n\t\t\t<\/div>\n\t\t\t\t<figcaption class='wp-caption-text gallery-caption' id='gallery-2-65'>\n\t\t\t\tYann Liebard\n\t\t\t\t<\/figcaption><\/figure><figure class='gallery-item'>\n\t\t\t<div class='gallery-icon portrait'>\n\t\t\t\t<a href='http:\/\/escaffre.com\/index.php\/2016\/03\/09\/jaime\/jja\/'><img loading=\"lazy\" decoding=\"async\" width=\"143\" height=\"228\" src=\"http:\/\/escaffre.com\/wp-content\/uploads\/2016\/03\/jja.jpg\" class=\"attachment-full size-full\" alt=\"\" aria-describedby=\"gallery-2-63\" \/><\/a>\n\t\t\t<\/div>\n\t\t\t\t<figcaption class='wp-caption-text gallery-caption' id='gallery-2-63'>\n\t\t\t\tJean Jacques Abdallah\n\t\t\t\t<\/figcaption><\/figure>\n\t\t<\/div>\n\n<h3><\/h3>\n<hr \/>\n<h3><\/h3>\n<p>LES MARBRES DE NOS PYR\u00c9N\u00c9ES PATRIMOINE \u00c0 REDECOUVRIR<\/p>\n<div id=\"info\">\n<p>reportage LA DEPECHE.fr Grand sud publi\u00e9 le 23\/11\/2010 Pierre Challier.<\/p>\n<p><a href=\"http:\/\/www.ladepeche.fr\/article\/2010\/11\/23\/953982-ces-marbres-sont-le-tresor-des-Pyrenees.html\">http:\/\/www.ladepeche.fr\/article\/2010\/11\/23\/953982-ces-marbres-sont-le-tresor-des-Pyrenees.html<\/a><\/p>\n<p>\u00ab C\u2019est un patrimoine \u00e0 sauver \u00bb<\/p>\n<p>Il aime le marbre d\u2019Arudy pour son homog\u00e9n\u00e9it\u00e9, \u00ab et parce qu\u2019il est disponible en n\u2019importe quelle dimension \u00bb, mais il sculpte aussi le Saint-B\u00e9at et, \u00ab apr\u00e8s, tout ce que je peux trouver aussi, comme autres marbres dans les Pyr\u00e9n\u00e9es, le vert que j\u2019ai pu r\u00e9cup\u00e9rer dans les anciennes carri\u00e8res de Campan comme le rose de Hautacam \u00bb confesse Jean-Jacques Abdallah, devant cette carte des Pyr\u00e9n\u00e9es centrales o\u00f9 il a point\u00e9 toutes les carri\u00e8res \u00e0 proximit\u00e9 de chez lui, du B\u00e9arn \u00e0 l\u2019Ari\u00e8ge.<br \/>\n\u00e9paules taill\u00e9es au burin, regard bleu et droit : le sculpteur d\u2019Arras en Lavedan n\u2019est pas du genre \u00e0 dandiner du ciseau. Plut\u00f4t \u00e0 aller \u00e0 l\u2019essentiel comme il d\u00e9gage les lignes de son bestaire de marbre, en l\u2019occurrence un gorille, aujourd\u2019hui pos\u00e9 sur son plan de travail\u2026 et pour lui, il n\u2019y a pas photo : \u00ab le marbre me va bien, parce qu\u2019il y en a \u00e0 proximit\u00e9, parce que mon professeur le travaillait \u00e0 l\u2019\u00e9cole des Arts et parce que j\u2019ai commenc\u00e9 par l\u00e0, en atelier de marbrerie, pour gagner ma vie, mais surtout parce qu\u2019il poss\u00e8de une v\u00e9ritable noblesse faisant qu\u2019on ne travaille pas le marbre comme les autres pi\u00e8ces, notamment pour la finition, tr\u00e8s exigeante en temps et en m\u00e9ticulosit\u00e9 \u00bb explique Jean-Jacques Abdallah. Constern\u00e9 par l\u2019abandon des marbres pyr\u00e9n\u00e9ens. \u00ab C\u2019est terrible de laisser perdre un patrimoine pareil car c\u2019est un patrimoine \u00e0 red\u00e9couvrir et \u00e0 sauver, sinon nos petits enfants n\u2019auront m\u00eame plus conscience que c\u2019est avec ces marbres-l\u00e0 que Versailles a \u00e9t\u00e9 fait \u00bb souligne-t-il. Conservant pr\u00e9cieusement les quelques blocs qu\u2019il a pu sauver de ses marbres pr\u00e9f\u00e9r\u00e9s. sans oser les toucher. \u00e0 l\u2019instar de ce marbre noir, le CamouCihigue : \u00ab j\u2019en poss\u00e8de 6 blocs et chaque fois que je passe devant, je m\u2019imagine ce que je pourrais sculpter avec, mais je repousse \u00e0 chaque fois l\u2019id\u00e9e d\u2019attaquer, car ce marbre-l\u00e0, on n\u2019en trouve plus et je ne veux pas le rater. \u00bb confie-t-il. Conscient des r\u00e9alit\u00e9s \u00e9conomiques, \u00ab car le Campan, c\u2019\u00e9tait jusqu\u2019\u00e0 80 % de perte par bloc \u00bb, mais esp\u00e9rant bien qu\u2019un jour, le sens du beau reprendra le dessus.<\/p>\n<h3>Bagn\u00e8res : un mus\u00e9e du marbre unique en France<\/h3>\n<p>Cette table monumentale taill\u00e9e \u00ab en ailes de papillon \u00bb dans du Grand Antique de la carri\u00e8re d\u2019Aubert, en Ari\u00e8ge ? C\u2019\u00e9tait celle de la Poste centrale du capitole, \u00e0 Toulouse. Voisine de sculptures romaines en marbre blanc de Saint-B\u00e9at, elle tire un trait d\u2019union sur 2 000 ans d\u2019histoire comme elle tr\u00f4ne d\u00e9sormais en majest\u00e9 dans le mus\u00e9e du marbre de Bagn\u00e8res de Bigorre.<br \/>\nLe mus\u00e9e du marbre ? Situ\u00e9 dans les anciens Thermes de Salut, c\u2019est un lieu unique en France puisqu\u2019il rassemble un e collection de 320 marbres europ\u00e9ens dont 120 pour la seule cha\u00eene des Pyr\u00e9n\u00e9es, du Pays Basque espagnol au Languedoc. Mais c\u2019est surtout un endroit exceptionnel \u00e0 visiter comme il propose de red\u00e9couvrir la prestigieuse \u00e9pop\u00e9e des marbres pyr\u00e9n\u00e9ens. Car si ce mus\u00e9e est d\u00e9sormais une bible pour les g\u00e9ologues et les antiquaires, c\u00f4t\u00e9 inventaire, il permet aussi de mesurer la richesse des tr\u00e9sors marbriers sur lesquels se sont rendormies les Pyr\u00e9n\u00e9es. Campan ruban\u00e9, Br\u00e8che de M\u00e9dous, Grand Antique, Versailles, Grand M\u00e9lange, Griotte de F\u00e9lines\u2026 \u00e0 la po\u00e9sie des noms r\u00e9pond la sensualit\u00e9 du toucher, la force des couleurs, des rouges, des verts sur lesquels Louis XIV s\u2019\u00e9tait arrog\u00e9 un droit exclusif., en vall\u00e9e de Campan et vall\u00e9e d\u2019Aure. Des marbres qui connurent leur apog\u00e9e avec Napol\u00e9on III et le Paris d\u2019Haussmann, et qui firent aussi la fortune de Bagn\u00e8res, au XIXe si\u00e8cle, gr\u00e2ce \u00e0 L\u00e9on G\u00e9ruzet. Chemin\u00e9es, baignoires, objets, plaques et m\u00eame atelier reconstitu\u00e9 , c\u2019est superbe: visite et informations en contactant le 05 62 91 12 05.<\/p>\n<article id=\"post-118\" class=\"post-118 post type-post status-publish format-standard has-post-thumbnail hentry category-accueil\">\n<div class=\"entry-content\"><\/div>\n<footer class=\"entry-meta\">Marquer le <a href=\"http:\/\/localhost:8888\/sculpt\/jaime\/\" rel=\"bookmark\">permalien<\/a>.<\/footer>\n<\/article>\n<div id=\"comments\" class=\"comments-area\">\n<div id=\"respond\" class=\"comment-respond\">\n<h3 id=\"reply-title\" class=\"comment-reply-title\">Laisser un commentaire<\/h3>\n<form id=\"commentform\" class=\"comment-form\" action=\"http:\/\/localhost:8888\/sculpt\/wp-comments-post.php\" method=\"post\">\n<p class=\"comment-notes\"><span id=\"email-notes\">Votre adresse de messagerie ne sera pas publi\u00e9e.<\/span> Les champs obligatoires sont indiqu\u00e9s avec <span class=\"required\">*<\/span><\/p>\n<div class=\"form-group\"><label for=\"comment\">Commentaire<\/label><\/div>\n<div class=\"form-group\"><label for=\"author\">Nom<\/label><span class=\"required\">*<\/span><input id=\"author\" class=\"form-control\" name=\"author\" size=\"30\" type=\"text\" value=\"escaffre\" \/><\/div>\n<div class=\"form-group\"><label for=\"email\">Adresse de contact<\/label><span class=\"required\">*<\/span><input id=\"email\" class=\"form-control\" name=\"email\" size=\"30\" type=\"text\" value=\"la.sociale@orange.fr\" \/><\/div>\n<div class=\"form-group&gt;&lt;label for=\">Site web<input id=\"url\" class=\"form-control\" name=\"url\" size=\"30\" type=\"text\" value=\"\" \/><\/div>\n<\/form>\n<\/div>\n<\/div>\n<\/div>\n","protected":false},"excerpt":{"rendered":"<p>Synergie du marbre Pour information, extinction de la \u00ab\u00a0Fili\u00e8re des Marbres du Sud\u00a0\u00bb en l\u2019ann\u00e9e 2014. Mais 3 irr\u00e9ductibles sculpteurs, continueront \u00e0 \u0153uvrer,&#8230;<\/p>\n","protected":false},"author":1,"featured_media":44,"comment_status":"open","ping_status":"open","sticky":false,"template":"","format":"standard","meta":{"footnotes":""},"categories":[5],"tags":[],"class_list":["post-39","post","type-post","status-publish","format-standard","has-post-thumbnail","hentry","category-jaime"],"_links":{"self":[{"href":"http:\/\/escaffre.com\/index.php\/wp-json\/wp\/v2\/posts\/39","targetHints":{"allow":["GET"]}}],"collection":[{"href":"http:\/\/escaffre.com\/index.php\/wp-json\/wp\/v2\/posts"}],"about":[{"href":"http:\/\/escaffre.com\/index.php\/wp-json\/wp\/v2\/types\/post"}],"author":[{"embeddable":true,"href":"http:\/\/escaffre.com\/index.php\/wp-json\/wp\/v2\/users\/1"}],"replies":[{"embeddable":true,"href":"http:\/\/escaffre.com\/index.php\/wp-json\/wp\/v2\/comments?post=39"}],"version-history":[{"count":16,"href":"http:\/\/escaffre.com\/index.php\/wp-json\/wp\/v2\/posts\/39\/revisions"}],"predecessor-version":[{"id":211,"href":"http:\/\/escaffre.com\/index.php\/wp-json\/wp\/v2\/posts\/39\/revisions\/211"}],"wp:featuredmedia":[{"embeddable":true,"href":"http:\/\/escaffre.com\/index.php\/wp-json\/wp\/v2\/media\/44"}],"wp:attachment":[{"href":"http:\/\/escaffre.com\/index.php\/wp-json\/wp\/v2\/media?parent=39"}],"wp:term":[{"taxonomy":"category","embeddable":true,"href":"http:\/\/escaffre.com\/index.php\/wp-json\/wp\/v2\/categories?post=39"},{"taxonomy":"post_tag","embeddable":true,"href":"http:\/\/escaffre.com\/index.php\/wp-json\/wp\/v2\/tags?post=39"}],"curies":[{"name":"wp","href":"https:\/\/api.w.org\/{rel}","templated":true}]}}